{"id":38956,"date":"2023-02-25T11:04:16","date_gmt":"2023-02-25T11:04:16","guid":{"rendered":"https:\/\/allaboutibs.com\/probiotika-a-ibs-jsou-ucinna\/"},"modified":"2024-04-30T09:23:19","modified_gmt":"2024-04-30T09:23:19","slug":"probiotika-a-ibs-jsou-ucinna","status":"publish","type":"post","link":"https:\/\/allaboutibs.com\/cs\/probiotika-a-ibs-jsou-ucinna\/","title":{"rendered":"Probiotika a IBS: Jsou \u00fa\u010dinn\u00e1?"},"content":{"rendered":"<p>[et_pb_section fb_built=&#8220;1&#8243; _builder_version=&#8220;4.16&#8243; global_colors_info=&#8220;{}&#8220;][et_pb_row _builder_version=&#8220;4.16&#8243; background_size=&#8220;initial&#8220; background_position=&#8220;top_left&#8220; background_repeat=&#8220;repeat&#8220; global_colors_info=&#8220;{}&#8220;][et_pb_column type=&#8220;4_4&#8243; _builder_version=&#8220;4.16&#8243; custom_padding=&#8220;|||&#8220; global_colors_info=&#8220;{}&#8220; custom_padding__hover=&#8220;|||&#8220;][et_pb_text _builder_version=&#8220;4.16&#8243; background_size=&#8220;initial&#8220; background_position=&#8220;top_left&#8220; background_repeat=&#8220;repeat&#8220; custom_padding=&#8220;||0px|||&#8220; global_colors_info=&#8220;{}&#8220;]<\/p>\n<p>V lidsk\u00e9m tr\u00e1vic\u00edm traktu se nach\u00e1z\u00ed p\u0159ibli\u017en\u011b 1,5-2 kg bakteri\u00ed. Odhaduje se, \u017ee v t\u011ble je v\u00edce st\u0159evn\u00edch bakteri\u00ed ne\u017e bun\u011bk. Dominantn\u00edmi bakteri\u00e1ln\u00edmi druhy v tlust\u00e9m st\u0159ev\u011b jsou bifidobakterie a bakteroidy, zat\u00edmco ve fl\u00f3\u0159e tenk\u00e9ho st\u0159eva obecn\u011b p\u0159evl\u00e1daj\u00ed laktobacily a streptokoky. Bakteri\u00e1ln\u00ed fl\u00f3ra vytv\u00e1\u0159\u00ed ve st\u0159evn\u00ed sliznici ochranu proti ne\u017e\u00e1douc\u00edm bakteri\u00edm, mikroorganism\u016fm a parazit\u016fm. St\u0159evn\u00ed bakterie stimuluj\u00ed pohyb st\u0159ev, pom\u00e1haj\u00ed rozkl\u00e1dat zbytky potravy, produkuj\u00ed n\u011bkolik vitamin\u016f a vylu\u010duj\u00ed n\u011bkter\u00e9 hormony. Ze zbytk\u016f zeleniny se tak\u00e9 uvol\u0148uj\u00ed antioxidanty, kter\u00e9 chr\u00e1n\u00ed p\u0159ed chronick\u00fdmi z\u00e1n\u011bty a r\u016fzn\u00fdmi nemocemi. Mnoho funkc\u00ed bakteri\u00ed je st\u00e1le nezn\u00e1m\u00fdch, ale v\u00fdzkumy ukazuj\u00ed, \u017ee u\u017e\u00edv\u00e1n\u00ed n\u011bkter\u00fdch kmen\u016f probiotik by mohlo pomoci v boji proti IBS. Jak to ale funguje a jak\u00e9 bakteri\u00e1ln\u00ed kmeny byste si m\u011bli vybrat?<\/p>\n<h2>Co jsou to probiotika?<\/h2>\n<p>Probiotika jsou takzvan\u00e9 &#8222;dobr\u00e9 bakterie&#8220;, kter\u00e9 mohou b\u00fdt p\u0159i pod\u00e1v\u00e1n\u00ed v dostate\u010dn\u00e9m mno\u017estv\u00ed prosp\u011b\u0161n\u00e9 pro zdrav\u00ed hostitele. Najdeme je v n\u011bkter\u00fdch potravin\u00e1ch, jako je jogurt, kef\u00edr, fermentovan\u00fd s\u00fdr, tvaroh a nakl\u00e1dan\u00e1 zelenina, ale tak\u00e9 ve form\u011b dopl\u0148k\u016f stravy. Je dobr\u00e9 v\u011bd\u011bt, \u017ee existuje mnoho druh\u016f probiotik a ka\u017ed\u00fd probiotick\u00fd p\u0159\u00edpravek obsahuje r\u016fzn\u00e9 druhy bakteri\u00ed nebo kombinaci n\u011bkolika bakteri\u00e1ln\u00edch kmen\u016f. Nej\u010dast\u011bj\u0161\u00edmi druhy jsou <em>Lactobacillus <\/em>a <em>Bifidobacteria <\/em>.  [2 .]<\/p>\n<p>[\/et_pb_text][\/et_pb_column][\/et_pb_row][\/et_pb_section][et_pb_section fb_built=&#8220;1&#8243; _builder_version=&#8220;4.19.5&#8243; _module_preset=&#8220;default&#8220; global_colors_info=&#8220;{}&#8220;][et_pb_row _builder_version=&#8220;4.19.5&#8243; _module_preset=&#8220;default&#8220; global_colors_info=&#8220;{}&#8220;][et_pb_column type=&#8220;4_4&#8243; _builder_version=&#8220;4.19.5&#8243; _module_preset=&#8220;default&#8220; global_colors_info=&#8220;{}&#8220;][et_pb_image src=&#8220;https:\/\/allaboutibs.com\/wp-content\/uploads\/2023\/02\/2ff317-scaled.jpg&#8220; alt=&#8220;Probiotick\u00e9 potraviny&#8220; title_text=&#8220;2ff317&#8243; _builder_version=&#8220;4.19.5&#8243; _module_preset=&#8220;default&#8220; global_colors_info=&#8220;{}&#8220;][\/et_pb_image][\/et_pb_column][\/et_pb_row][\/et_pb_section][et_pb_section fb_built=&#8220;1&#8243; _builder_version=&#8220;4.19.5&#8243; _module_preset=&#8220;default&#8220; global_colors_info=&#8220;{}&#8220;][et_pb_row _builder_version=&#8220;4.19.5&#8243; _module_preset=&#8220;default&#8220; global_colors_info=&#8220;{}&#8220;][et_pb_column type=&#8220;4_4&#8243; _builder_version=&#8220;4.19.5&#8243; _module_preset=&#8220;default&#8220; global_colors_info=&#8220;{}&#8220;][et_pb_text _builder_version=&#8220;4.19.5&#8243; _module_preset=&#8220;default&#8220; global_colors_info=&#8220;{}&#8220;]<\/p>\n<h2>Jak probiotika funguj\u00ed?<\/h2>\n<p>Existuje n\u011bkolik teori\u00ed o tom, jak m\u016f\u017ee u\u017e\u00edv\u00e1n\u00ed probiotik p\u016fsobit proti IBS.<\/p>\n<h3>Ovliv\u0148uj\u00ed st\u0159evn\u00ed propustnost<\/h3>\n<p>Sn\u00ed\u017een\u00e1 st\u0159evn\u00ed propustnost je u pacient\u016f s IBS-D b\u011b\u017en\u00e1. Bylo tak\u00e9 zji\u0161t\u011bno, \u017ee pacienti s podtypem IBS-D maj\u00ed \u010dasto m\u00e9n\u011b rozmanitou mikrobi\u00e1ln\u00ed fl\u00f3ru. P\u0159id\u00e1n\u00ed probiotik do ka\u017edodenn\u00ed stravy by mohlo m\u00edt pozitivn\u00ed vliv na st\u0159evn\u00ed propustnost a zm\u00edrnit bolesti b\u0159icha.<\/p>\n<h3>Moduluj\u00ed st\u0159evn\u00ed motilitu<\/h3>\n<p>Stimuluj\u00ed st\u0159evn\u00ed epitelov\u00e9 bu\u0148ky a sni\u017eov\u00e1n\u00edm amplitudy a frekvence kontrakc\u00ed zm\u00edr\u0148uj\u00ed p\u0159\u00edznaky pr\u016fjmu. Pacient\u016fm s IBS podtyp\u016f D a M by mohlo prosp\u011bt zv\u00fd\u0161en\u00ed p\u0159\u00edjmu probiotik ve strav\u011b. Pokud nev\u00edte, kter\u00fd podtyp IBS m\u00e1te, ur\u010dit\u011b si p\u0159e\u010dt\u011bte n\u00e1\u0161 <a href=\"https:\/\/allaboutibs.com\/symptoms\/which-type-of-ibs-do-you-have\/\">p\u0159\u00edsp\u011bvek o r\u016fzn\u00fdch podtypech<\/a>.<\/p>\n<h3>Pom\u00e1haj\u00ed obnovit dysbi\u00f3zu mikrobiomu<\/h3>\n<p><strong>Dysbi\u00f3za <\/strong>znamen\u00e1 naru\u0161en\u00ed rovnov\u00e1hy mezi &#8222;dobr\u00fdmi&#8220; a &#8222;\u0161patn\u00fdmi&#8220; bakteriemi. Dysbi\u00f3za je u pacient\u016f s IBS b\u011b\u017en\u00e1. U\u017e\u00edv\u00e1n\u00ed probiotik by mohlo pomoci obnovit rovnov\u00e1hu. Probl\u00e9mem je, \u017ee neexistuje dokonal\u00fd mikrobiom a nen\u00ed jasn\u00e9, jak by m\u011bla vypadat &#8222;norm\u00e1ln\u00ed&#8220; mikrobi\u00e1ln\u00ed fl\u00f3ra. Z n\u011bkolika studi\u00ed v\u0161ak vypl\u00fdv\u00e1, \u017ee st\u0159evn\u00ed fl\u00f3ra nemocn\u00fdch s IBS se li\u0161\u00ed od zdrav\u00fdch jedinc\u016f.  [1 .]<\/p>\n<h2>Kter\u00e1 probiotika byste si m\u011bli vybrat?<\/h2>\n<p>Nejlep\u0161\u00ed zp\u016fsob, jak zjistit, zda v\u00e1m probiotika vyhovuj\u00ed, je otestovat je. Probiotika ve form\u011b dopl\u0148k\u016f stravy (tablet, kapsl\u00ed nebo kapek) nejsou nutn\u011b lep\u0161\u00ed ne\u017e probiotika obsa\u017een\u00e1 v potravin\u00e1ch. Doporu\u010dujeme testovat v\u017edy jeden v\u00fdrobek, ka\u017ed\u00fd den po dobu \u010dty\u0159 t\u00fddn\u016f. Pokud se nedostav\u00ed \u017e\u00e1dn\u00fd \u00fa\u010dinek, nemus\u00ed to nutn\u011b znamenat, \u017ee probiotika nefunguj\u00ed &#8211; ale mo\u017en\u00e1 to nen\u00ed vybran\u00fd produkt. R\u016fzn\u00e9 produkty obsahuj\u00ed r\u016fzn\u00e9 druhy nebo kmeny a nemus\u00ed se v\u00e1m to poda\u0159it na n\u011bkolik prvn\u00edch pokus\u016f!<\/p>\n<p>Lid\u00e9 s IBS, kte\u0159\u00ed cht\u011bj\u00ed vyzkou\u0161et, zda jim probiotika vyhovuj\u00ed, by m\u011bli tak\u00e9 v\u011bd\u011bt, \u017ee n\u011bkter\u00e9 v\u00fdrobky obsahuj\u00ed dal\u0161\u00ed slo\u017eky, kter\u00e9 mohou p\u0159\u00edznaky IBS zes\u00edlit (nap\u0159. vl\u00e1kninu, FOS, inulin, lakt\u00f3zu, frukt\u00f3zu, sorbitol a xylitol). Je d\u016fle\u017eit\u00e9 si uv\u011bdomit, \u017ee v\u00fdsledky mnoha v\u00fdzkumn\u00fdch prac\u00ed se li\u0161\u00ed a neexistuje jednozna\u010dn\u00fd z\u00e1v\u011br o \u00fa\u010dinku probiotik na pacienty s IBS.<\/p>\n<h2>Souhrn<\/h2>\n<p>Probiotika by mohla m\u00edt potenci\u00e1ln\u00ed vliv na celkov\u00e9 p\u0159\u00edznaky, jako je bolest \u017ealudku, nad\u00fdm\u00e1n\u00ed a plynatost, ale st\u0159evn\u00ed fl\u00f3ra ka\u017ed\u00e9ho jedince je jedine\u010dn\u00e1, a proto je obt\u00ed\u017en\u00e9 ur\u010dit, kter\u00e9 bakteri\u00e1ln\u00ed druhy nebo kmeny bakteri\u00ed maj\u00ed nejlep\u0161\u00ed \u00fa\u010dinek. Budouc\u00ed v\u00fdzkum by se m\u011bl d\u00e1le zam\u011b\u0159it na identifikaci bakteri\u00e1ln\u00edch kmen\u016f, kter\u00e9 maj\u00ed nejlep\u0161\u00ed odezvu u specifick\u00fdch podtyp\u016f IBS, slo\u017een\u00ed st\u0159ev a v\u011bkov\u00fdch skupin. atd. Zat\u00edm m\u016f\u017eete jen sledovat, co v\u00e1m vyhovuje.<\/p>\n<h2>Odkazy<\/h2>\n<p>[1 .]  Zhang, T., Zhang, C., Zhang, J., Sun, F., &amp; Duan, L. (2022). \u00da\u010dinnost probiotik p\u0159i syndromu dr\u00e1\u017ediv\u00e9ho tra\u010dn\u00edku: Systematick\u00fd p\u0159ehled a s\u00ed\u0165ov\u00e1 metaanal\u00fdza. <i>Frontiers in Cellular and Infection Microbiology<\/i>, <i>12.<\/i> https:\/\/doi.org\/10.3389\/fcimb.2022.859967<\/p>\n<p>[2 .]  Simon, E., C\u0103linoiu, L. F., Mitrea, L., &amp; Vodnar, D. C. (2021). Probiotika, prebiotika a synbiotika: D\u016fsledky a p\u0159\u00edzniv\u00e9 \u00fa\u010dinky proti syndromu dr\u00e1\u017ediv\u00e9ho tra\u010dn\u00edku. <i>Nutrients<\/i>, <i>13<\/i>(6). https:\/\/doi.org\/10.3390\/nu13062112<\/p>\n<p>[\/et_pb_text][\/et_pb_column][\/et_pb_row][\/et_pb_section]<\/p>\n","protected":false},"excerpt":{"rendered":"<p>V lidsk\u00e9m tr\u00e1vic\u00edm traktu se nach\u00e1z\u00ed p\u0159ibli\u017en\u011b 1,5-2 kg bakteri\u00ed. Odhaduje se, \u017ee v t\u011ble je v\u00edce st\u0159evn\u00edch bakteri\u00ed ne\u017e bun\u011bk. Dominantn\u00edmi bakteri\u00e1ln\u00edmi druhy v tlust\u00e9m st\u0159ev\u011b jsou bifidobakterie a bakteroidy, zat\u00edmco ve fl\u00f3\u0159e tenk\u00e9ho st\u0159eva obecn\u011b p\u0159evl\u00e1daj\u00ed laktobacily a streptokoky. Bakteri\u00e1ln\u00ed fl\u00f3ra vytv\u00e1\u0159\u00ed ve st\u0159evn\u00ed sliznici ochranu proti ne\u017e\u00e1douc\u00edm bakteri\u00edm, mikroorganism\u016fm a parazit\u016fm. St\u0159evn\u00ed [&hellip;]<\/p>\n","protected":false},"author":10,"featured_media":38964,"comment_status":"closed","ping_status":"open","sticky":false,"template":"","format":"standard","meta":{"_et_pb_use_builder":"on","_et_pb_old_content":"","_et_gb_content_width":"","footnotes":""},"categories":[324],"tags":[439,440,353,332,433,436,441,432,437,438],"class_list":["post-38956","post","type-post","status-publish","format-standard","has-post-thumbnail","hentry","category-lecba","tag-bakterie-cs","tag-doplnky-cs","tag-dysbioza-cs","tag-ibs-cs","tag-ibs-d-cs","tag-mikrobiom-cs","tag-potraviny-cs","tag-probiotika-cs","tag-strevni-flora","tag-typy-probiotik-cs","et-has-post-format-content","et_post_format-et-post-format-standard"],"yoast_head":"<!-- This site is optimized with the Yoast SEO plugin v27.5 - https:\/\/yoast.com\/product\/yoast-seo-wordpress\/ -->\n<title>Probiotika a IBS: Jsou \u00fa\u010dinn\u00e1?<\/title>\n<meta name=\"description\" content=\"Probiotika jsou uv\u00e1d\u011bna na trh jako \u00fa\u010dinn\u00fd l\u00e9k na IBS a dal\u0161\u00ed st\u0159evn\u00ed onemocn\u011bn\u00ed. Co jsou to probiotika a zda skute\u010dn\u011b funguj\u00ed?\" \/>\n<meta name=\"robots\" content=\"index, follow, max-snippet:-1, max-image-preview:large, max-video-preview:-1\" \/>\n<link rel=\"canonical\" href=\"https:\/\/allaboutibs.com\/cs\/probiotika-a-ibs-jsou-ucinna\/\" \/>\n<meta property=\"og:locale\" content=\"cs_CZ\" \/>\n<meta property=\"og:type\" content=\"article\" \/>\n<meta property=\"og:title\" content=\"Probiotika a IBS: Jsou \u00fa\u010dinn\u00e1?\" \/>\n<meta property=\"og:description\" content=\"Probiotika jsou uv\u00e1d\u011bna na trh jako \u00fa\u010dinn\u00fd l\u00e9k na IBS a dal\u0161\u00ed st\u0159evn\u00ed onemocn\u011bn\u00ed. Co jsou to probiotika a zda skute\u010dn\u011b funguj\u00ed?\" \/>\n<meta property=\"og:url\" content=\"https:\/\/allaboutibs.com\/cs\/probiotika-a-ibs-jsou-ucinna\/\" \/>\n<meta property=\"og:site_name\" content=\"all about IBS\" \/>\n<meta property=\"article:published_time\" content=\"2023-02-25T11:04:16+00:00\" \/>\n<meta property=\"article:modified_time\" content=\"2024-04-30T09:23:19+00:00\" \/>\n<meta property=\"og:image\" content=\"https:\/\/allaboutibs.com\/wp-content\/uploads\/2023\/02\/7de8c3-scaled.jpg\" \/>\n\t<meta property=\"og:image:width\" content=\"2560\" \/>\n\t<meta property=\"og:image:height\" content=\"1705\" \/>\n\t<meta property=\"og:image:type\" content=\"image\/jpeg\" \/>\n<meta name=\"author\" content=\"Annamaria Ambrosova\" \/>\n<meta name=\"twitter:card\" content=\"summary_large_image\" \/>\n<meta name=\"twitter:label1\" content=\"Napsal(a)\" \/>\n\t<meta name=\"twitter:data1\" content=\"Annamaria Ambrosova\" \/>\n\t<meta name=\"twitter:label2\" content=\"Odhadovan\u00e1 doba \u010dten\u00ed\" \/>\n\t<meta name=\"twitter:data2\" content=\"5 minut\" \/>\n<script type=\"application\/ld+json\" class=\"yoast-schema-graph\">{\"@context\":\"https:\\\/\\\/schema.org\",\"@graph\":[{\"@type\":\"Article\",\"@id\":\"https:\\\/\\\/allaboutibs.com\\\/cs\\\/probiotika-a-ibs-jsou-ucinna\\\/#article\",\"isPartOf\":{\"@id\":\"https:\\\/\\\/allaboutibs.com\\\/cs\\\/probiotika-a-ibs-jsou-ucinna\\\/\"},\"author\":{\"name\":\"Annamaria Ambrosova\",\"@id\":\"https:\\\/\\\/allaboutibs.com\\\/cs\\\/#\\\/schema\\\/person\\\/a3fbbb7f91650eca287f2b9e7ec888f5\"},\"headline\":\"Probiotika a IBS: Jsou \u00fa\u010dinn\u00e1?\",\"datePublished\":\"2023-02-25T11:04:16+00:00\",\"dateModified\":\"2024-04-30T09:23:19+00:00\",\"mainEntityOfPage\":{\"@id\":\"https:\\\/\\\/allaboutibs.com\\\/cs\\\/probiotika-a-ibs-jsou-ucinna\\\/\"},\"wordCount\":1063,\"publisher\":{\"@id\":\"https:\\\/\\\/allaboutibs.com\\\/cs\\\/#organization\"},\"image\":{\"@id\":\"https:\\\/\\\/allaboutibs.com\\\/cs\\\/probiotika-a-ibs-jsou-ucinna\\\/#primaryimage\"},\"thumbnailUrl\":\"https:\\\/\\\/allaboutibs.com\\\/wp-content\\\/uploads\\\/2023\\\/02\\\/7de8c3-scaled.jpg\",\"keywords\":[\"bakterie\",\"dopl\u0148ky\",\"dysbi\u00f3za\",\"IBS\",\"IBS-D\",\"mikrobiom\",\"potraviny\",\"probiotika\",\"st\u0159evn\u00ed fl\u00f3ra\",\"typy probiotik\"],\"articleSection\":[\"L\u00e9\u010dba\"],\"inLanguage\":\"cs\"},{\"@type\":\"WebPage\",\"@id\":\"https:\\\/\\\/allaboutibs.com\\\/cs\\\/probiotika-a-ibs-jsou-ucinna\\\/\",\"url\":\"https:\\\/\\\/allaboutibs.com\\\/cs\\\/probiotika-a-ibs-jsou-ucinna\\\/\",\"name\":\"Probiotika a IBS: Jsou \u00fa\u010dinn\u00e1?\",\"isPartOf\":{\"@id\":\"https:\\\/\\\/allaboutibs.com\\\/cs\\\/#website\"},\"primaryImageOfPage\":{\"@id\":\"https:\\\/\\\/allaboutibs.com\\\/cs\\\/probiotika-a-ibs-jsou-ucinna\\\/#primaryimage\"},\"image\":{\"@id\":\"https:\\\/\\\/allaboutibs.com\\\/cs\\\/probiotika-a-ibs-jsou-ucinna\\\/#primaryimage\"},\"thumbnailUrl\":\"https:\\\/\\\/allaboutibs.com\\\/wp-content\\\/uploads\\\/2023\\\/02\\\/7de8c3-scaled.jpg\",\"datePublished\":\"2023-02-25T11:04:16+00:00\",\"dateModified\":\"2024-04-30T09:23:19+00:00\",\"description\":\"Probiotika jsou uv\u00e1d\u011bna na trh jako \u00fa\u010dinn\u00fd l\u00e9k na IBS a dal\u0161\u00ed st\u0159evn\u00ed onemocn\u011bn\u00ed. Co jsou to probiotika a zda skute\u010dn\u011b funguj\u00ed?\",\"breadcrumb\":{\"@id\":\"https:\\\/\\\/allaboutibs.com\\\/cs\\\/probiotika-a-ibs-jsou-ucinna\\\/#breadcrumb\"},\"inLanguage\":\"cs\",\"potentialAction\":[{\"@type\":\"ReadAction\",\"target\":[\"https:\\\/\\\/allaboutibs.com\\\/cs\\\/probiotika-a-ibs-jsou-ucinna\\\/\"]}]},{\"@type\":\"ImageObject\",\"inLanguage\":\"cs\",\"@id\":\"https:\\\/\\\/allaboutibs.com\\\/cs\\\/probiotika-a-ibs-jsou-ucinna\\\/#primaryimage\",\"url\":\"https:\\\/\\\/allaboutibs.com\\\/wp-content\\\/uploads\\\/2023\\\/02\\\/7de8c3-scaled.jpg\",\"contentUrl\":\"https:\\\/\\\/allaboutibs.com\\\/wp-content\\\/uploads\\\/2023\\\/02\\\/7de8c3-scaled.jpg\",\"width\":2560,\"height\":1705},{\"@type\":\"BreadcrumbList\",\"@id\":\"https:\\\/\\\/allaboutibs.com\\\/cs\\\/probiotika-a-ibs-jsou-ucinna\\\/#breadcrumb\",\"itemListElement\":[{\"@type\":\"ListItem\",\"position\":1,\"name\":\"Home\",\"item\":\"https:\\\/\\\/allaboutibs.com\\\/cs\\\/\"},{\"@type\":\"ListItem\",\"position\":2,\"name\":\"Probiotika a IBS: Jsou \u00fa\u010dinn\u00e1?\"}]},{\"@type\":\"WebSite\",\"@id\":\"https:\\\/\\\/allaboutibs.com\\\/cs\\\/#website\",\"url\":\"https:\\\/\\\/allaboutibs.com\\\/cs\\\/\",\"name\":\"all about IBS\",\"description\":\"All about IBS &amp; bowel problems\",\"publisher\":{\"@id\":\"https:\\\/\\\/allaboutibs.com\\\/cs\\\/#organization\"},\"potentialAction\":[{\"@type\":\"SearchAction\",\"target\":{\"@type\":\"EntryPoint\",\"urlTemplate\":\"https:\\\/\\\/allaboutibs.com\\\/cs\\\/?s={search_term_string}\"},\"query-input\":{\"@type\":\"PropertyValueSpecification\",\"valueRequired\":true,\"valueName\":\"search_term_string\"}}],\"inLanguage\":\"cs\"},{\"@type\":\"Organization\",\"@id\":\"https:\\\/\\\/allaboutibs.com\\\/cs\\\/#organization\",\"name\":\"all about IBS\",\"url\":\"https:\\\/\\\/allaboutibs.com\\\/cs\\\/\",\"logo\":{\"@type\":\"ImageObject\",\"inLanguage\":\"cs\",\"@id\":\"https:\\\/\\\/allaboutibs.com\\\/cs\\\/#\\\/schema\\\/logo\\\/image\\\/\",\"url\":\"https:\\\/\\\/allaboutibs.com\\\/wp-content\\\/uploads\\\/2021\\\/02\\\/allaboutibs-favicon-en.png\",\"contentUrl\":\"https:\\\/\\\/allaboutibs.com\\\/wp-content\\\/uploads\\\/2021\\\/02\\\/allaboutibs-favicon-en.png\",\"width\":512,\"height\":512,\"caption\":\"all about IBS\"},\"image\":{\"@id\":\"https:\\\/\\\/allaboutibs.com\\\/cs\\\/#\\\/schema\\\/logo\\\/image\\\/\"}},{\"@type\":\"Person\",\"@id\":\"https:\\\/\\\/allaboutibs.com\\\/cs\\\/#\\\/schema\\\/person\\\/a3fbbb7f91650eca287f2b9e7ec888f5\",\"name\":\"Annamaria Ambrosova\",\"image\":{\"@type\":\"ImageObject\",\"inLanguage\":\"cs\",\"@id\":\"https:\\\/\\\/secure.gravatar.com\\\/avatar\\\/edee4aeb2379f52c54156d0139d15fce65a00cf25cdaae4f7702fda9b5c21c52?s=96&d=mm&r=g\",\"url\":\"https:\\\/\\\/secure.gravatar.com\\\/avatar\\\/edee4aeb2379f52c54156d0139d15fce65a00cf25cdaae4f7702fda9b5c21c52?s=96&d=mm&r=g\",\"contentUrl\":\"https:\\\/\\\/secure.gravatar.com\\\/avatar\\\/edee4aeb2379f52c54156d0139d15fce65a00cf25cdaae4f7702fda9b5c21c52?s=96&d=mm&r=g\",\"caption\":\"Annamaria Ambrosova\"}}]}<\/script>\n<!-- \/ Yoast SEO plugin. -->","yoast_head_json":{"title":"Probiotika a IBS: Jsou \u00fa\u010dinn\u00e1?","description":"Probiotika jsou uv\u00e1d\u011bna na trh jako \u00fa\u010dinn\u00fd l\u00e9k na IBS a dal\u0161\u00ed st\u0159evn\u00ed onemocn\u011bn\u00ed. Co jsou to probiotika a zda skute\u010dn\u011b funguj\u00ed?","robots":{"index":"index","follow":"follow","max-snippet":"max-snippet:-1","max-image-preview":"max-image-preview:large","max-video-preview":"max-video-preview:-1"},"canonical":"https:\/\/allaboutibs.com\/cs\/probiotika-a-ibs-jsou-ucinna\/","og_locale":"cs_CZ","og_type":"article","og_title":"Probiotika a IBS: Jsou \u00fa\u010dinn\u00e1?","og_description":"Probiotika jsou uv\u00e1d\u011bna na trh jako \u00fa\u010dinn\u00fd l\u00e9k na IBS a dal\u0161\u00ed st\u0159evn\u00ed onemocn\u011bn\u00ed. Co jsou to probiotika a zda skute\u010dn\u011b funguj\u00ed?","og_url":"https:\/\/allaboutibs.com\/cs\/probiotika-a-ibs-jsou-ucinna\/","og_site_name":"all about IBS","article_published_time":"2023-02-25T11:04:16+00:00","article_modified_time":"2024-04-30T09:23:19+00:00","og_image":[{"width":2560,"height":1705,"url":"https:\/\/allaboutibs.com\/wp-content\/uploads\/2023\/02\/7de8c3-scaled.jpg","type":"image\/jpeg"}],"author":"Annamaria Ambrosova","twitter_card":"summary_large_image","twitter_misc":{"Napsal(a)":"Annamaria Ambrosova","Odhadovan\u00e1 doba \u010dten\u00ed":"5 minut"},"schema":{"@context":"https:\/\/schema.org","@graph":[{"@type":"Article","@id":"https:\/\/allaboutibs.com\/cs\/probiotika-a-ibs-jsou-ucinna\/#article","isPartOf":{"@id":"https:\/\/allaboutibs.com\/cs\/probiotika-a-ibs-jsou-ucinna\/"},"author":{"name":"Annamaria Ambrosova","@id":"https:\/\/allaboutibs.com\/cs\/#\/schema\/person\/a3fbbb7f91650eca287f2b9e7ec888f5"},"headline":"Probiotika a IBS: Jsou \u00fa\u010dinn\u00e1?","datePublished":"2023-02-25T11:04:16+00:00","dateModified":"2024-04-30T09:23:19+00:00","mainEntityOfPage":{"@id":"https:\/\/allaboutibs.com\/cs\/probiotika-a-ibs-jsou-ucinna\/"},"wordCount":1063,"publisher":{"@id":"https:\/\/allaboutibs.com\/cs\/#organization"},"image":{"@id":"https:\/\/allaboutibs.com\/cs\/probiotika-a-ibs-jsou-ucinna\/#primaryimage"},"thumbnailUrl":"https:\/\/allaboutibs.com\/wp-content\/uploads\/2023\/02\/7de8c3-scaled.jpg","keywords":["bakterie","dopl\u0148ky","dysbi\u00f3za","IBS","IBS-D","mikrobiom","potraviny","probiotika","st\u0159evn\u00ed fl\u00f3ra","typy probiotik"],"articleSection":["L\u00e9\u010dba"],"inLanguage":"cs"},{"@type":"WebPage","@id":"https:\/\/allaboutibs.com\/cs\/probiotika-a-ibs-jsou-ucinna\/","url":"https:\/\/allaboutibs.com\/cs\/probiotika-a-ibs-jsou-ucinna\/","name":"Probiotika a IBS: Jsou \u00fa\u010dinn\u00e1?","isPartOf":{"@id":"https:\/\/allaboutibs.com\/cs\/#website"},"primaryImageOfPage":{"@id":"https:\/\/allaboutibs.com\/cs\/probiotika-a-ibs-jsou-ucinna\/#primaryimage"},"image":{"@id":"https:\/\/allaboutibs.com\/cs\/probiotika-a-ibs-jsou-ucinna\/#primaryimage"},"thumbnailUrl":"https:\/\/allaboutibs.com\/wp-content\/uploads\/2023\/02\/7de8c3-scaled.jpg","datePublished":"2023-02-25T11:04:16+00:00","dateModified":"2024-04-30T09:23:19+00:00","description":"Probiotika jsou uv\u00e1d\u011bna na trh jako \u00fa\u010dinn\u00fd l\u00e9k na IBS a dal\u0161\u00ed st\u0159evn\u00ed onemocn\u011bn\u00ed. Co jsou to probiotika a zda skute\u010dn\u011b funguj\u00ed?","breadcrumb":{"@id":"https:\/\/allaboutibs.com\/cs\/probiotika-a-ibs-jsou-ucinna\/#breadcrumb"},"inLanguage":"cs","potentialAction":[{"@type":"ReadAction","target":["https:\/\/allaboutibs.com\/cs\/probiotika-a-ibs-jsou-ucinna\/"]}]},{"@type":"ImageObject","inLanguage":"cs","@id":"https:\/\/allaboutibs.com\/cs\/probiotika-a-ibs-jsou-ucinna\/#primaryimage","url":"https:\/\/allaboutibs.com\/wp-content\/uploads\/2023\/02\/7de8c3-scaled.jpg","contentUrl":"https:\/\/allaboutibs.com\/wp-content\/uploads\/2023\/02\/7de8c3-scaled.jpg","width":2560,"height":1705},{"@type":"BreadcrumbList","@id":"https:\/\/allaboutibs.com\/cs\/probiotika-a-ibs-jsou-ucinna\/#breadcrumb","itemListElement":[{"@type":"ListItem","position":1,"name":"Home","item":"https:\/\/allaboutibs.com\/cs\/"},{"@type":"ListItem","position":2,"name":"Probiotika a IBS: Jsou \u00fa\u010dinn\u00e1?"}]},{"@type":"WebSite","@id":"https:\/\/allaboutibs.com\/cs\/#website","url":"https:\/\/allaboutibs.com\/cs\/","name":"all about IBS","description":"All about IBS &amp; bowel problems","publisher":{"@id":"https:\/\/allaboutibs.com\/cs\/#organization"},"potentialAction":[{"@type":"SearchAction","target":{"@type":"EntryPoint","urlTemplate":"https:\/\/allaboutibs.com\/cs\/?s={search_term_string}"},"query-input":{"@type":"PropertyValueSpecification","valueRequired":true,"valueName":"search_term_string"}}],"inLanguage":"cs"},{"@type":"Organization","@id":"https:\/\/allaboutibs.com\/cs\/#organization","name":"all about IBS","url":"https:\/\/allaboutibs.com\/cs\/","logo":{"@type":"ImageObject","inLanguage":"cs","@id":"https:\/\/allaboutibs.com\/cs\/#\/schema\/logo\/image\/","url":"https:\/\/allaboutibs.com\/wp-content\/uploads\/2021\/02\/allaboutibs-favicon-en.png","contentUrl":"https:\/\/allaboutibs.com\/wp-content\/uploads\/2021\/02\/allaboutibs-favicon-en.png","width":512,"height":512,"caption":"all about IBS"},"image":{"@id":"https:\/\/allaboutibs.com\/cs\/#\/schema\/logo\/image\/"}},{"@type":"Person","@id":"https:\/\/allaboutibs.com\/cs\/#\/schema\/person\/a3fbbb7f91650eca287f2b9e7ec888f5","name":"Annamaria Ambrosova","image":{"@type":"ImageObject","inLanguage":"cs","@id":"https:\/\/secure.gravatar.com\/avatar\/edee4aeb2379f52c54156d0139d15fce65a00cf25cdaae4f7702fda9b5c21c52?s=96&d=mm&r=g","url":"https:\/\/secure.gravatar.com\/avatar\/edee4aeb2379f52c54156d0139d15fce65a00cf25cdaae4f7702fda9b5c21c52?s=96&d=mm&r=g","contentUrl":"https:\/\/secure.gravatar.com\/avatar\/edee4aeb2379f52c54156d0139d15fce65a00cf25cdaae4f7702fda9b5c21c52?s=96&d=mm&r=g","caption":"Annamaria Ambrosova"}}]}},"_links":{"self":[{"href":"https:\/\/allaboutibs.com\/cs\/wp-json\/wp\/v2\/posts\/38956","targetHints":{"allow":["GET"]}}],"collection":[{"href":"https:\/\/allaboutibs.com\/cs\/wp-json\/wp\/v2\/posts"}],"about":[{"href":"https:\/\/allaboutibs.com\/cs\/wp-json\/wp\/v2\/types\/post"}],"author":[{"embeddable":true,"href":"https:\/\/allaboutibs.com\/cs\/wp-json\/wp\/v2\/users\/10"}],"replies":[{"embeddable":true,"href":"https:\/\/allaboutibs.com\/cs\/wp-json\/wp\/v2\/comments?post=38956"}],"version-history":[{"count":1,"href":"https:\/\/allaboutibs.com\/cs\/wp-json\/wp\/v2\/posts\/38956\/revisions"}],"predecessor-version":[{"id":38982,"href":"https:\/\/allaboutibs.com\/cs\/wp-json\/wp\/v2\/posts\/38956\/revisions\/38982"}],"wp:featuredmedia":[{"embeddable":true,"href":"https:\/\/allaboutibs.com\/cs\/wp-json\/wp\/v2\/media\/38964"}],"wp:attachment":[{"href":"https:\/\/allaboutibs.com\/cs\/wp-json\/wp\/v2\/media?parent=38956"}],"wp:term":[{"taxonomy":"category","embeddable":true,"href":"https:\/\/allaboutibs.com\/cs\/wp-json\/wp\/v2\/categories?post=38956"},{"taxonomy":"post_tag","embeddable":true,"href":"https:\/\/allaboutibs.com\/cs\/wp-json\/wp\/v2\/tags?post=38956"}],"curies":[{"name":"wp","href":"https:\/\/api.w.org\/{rel}","templated":true}]}}